{"id":4272,"date":"2022-08-31T23:35:14","date_gmt":"2022-08-31T21:35:14","guid":{"rendered":"https:\/\/www.dekolonialestadtfuehrung.de\/2022\/08\/31\/top-15-book-recommendations-from-the-community\/"},"modified":"2024-08-15T10:25:30","modified_gmt":"2024-08-15T08:25:30","slug":"15-libros-recomendados-por-la-comunidad","status":"publish","type":"post","link":"https:\/\/www.dekolonialestadtfuehrung.de\/es\/2022\/08\/top-15-book-recommendations-from-the-community\/","title":{"rendered":"TOP 15 recomendaciones de libros de la comunidad"},"content":{"rendered":"<div class=\"wp-block-columns alignwide is-layout-flex wp-container-core-columns-is-layout-28f84493 wp-block-columns-is-layout-flex\">\n<div class=\"wp-block-column has-text-color has-background has-link-color wp-elements-042ec7df38acb3e7b3f5ce746cd87f39 is-layout-flow wp-block-column-is-layout-flow\" style=\"background-color:#ffe97d;color:#000000;padding-top:2em;padding-right:2em;padding-bottom:2em;padding-left:2em\">\n<h2 class=\"wp-block-heading\" id=\"single\" style=\"font-size:40px\">Afrocultura<\/h2>\n\n\n\n<p class=\"has-normal-font-size\" style=\"line-height:1.5\"><strong>\u201eel espacio entre el ayer y el ma\u00f1ana\u201c<\/strong><\/p>\n\n\n\n<hr class=\"wp-block-separator has-text-color has-css-opacity has-background is-style-wide\" style=\"background-color:#000000;color:#000000\"\/>\n\n\n\n<ul class=\"has-normal-font-size wp-block-list\"><li><a href=\"https:\/\/www.thalia.de\/shop\/home\/artikeldetails\/A1039853876\">Natasha A. Kelly<\/a><\/li><\/ul>\n\n\n<div class=\"wp-block-buttons alignfull is-horizontal is-content-justification-center is-layout-flex wp-container-core-buttons-is-layout-03627597 wp-block-buttons-is-layout-flex\">\n<div class=\"wp-block-button has-custom-width wp-block-button__width-100\"><a class=\"wp-block-button__link has-white-color has-text-color has-background no-border-radius\" href=\"https:\/\/www.thalia.de\/shop\/home\/artikeldetails\/A1039853876\" style=\"background-color:#000000\" target=\"_blank\" rel=\"noreferrer noopener\">Seguir leyendo<\/a><\/div>\n<\/div>\n<\/div>\n\n\n\n<div class=\"wp-block-column has-text-color has-background has-link-color wp-elements-17dc7855a34197b1bfdc1792c1357f7b is-layout-flow wp-block-column-is-layout-flow\" style=\"background-color:#d1d1e1;color:#000000;padding-top:2em;padding-right:2em;padding-bottom:2em;padding-left:2em\">\n<h2 class=\"wp-block-heading\" id=\"family\" style=\"font-size:40px\">Las manos de mi abuela<\/h2>\n\n\n\n<p class=\"has-normal-font-size\" style=\"line-height:1.5\"><strong>El trauma racializado y la reparaci\u00f3n de nuestros cuerpos y corazones.<\/strong><\/p>\n\n\n\n<hr class=\"wp-block-separator has-css-opacity is-style-wide\"\/>\n\n\n\n<ul class=\"has-normal-font-size wp-block-list\"><li> <a href=\"https:\/\/www.goodreads.com\/book\/show\/34146782-my-grandmother-s-hands\" target=\"_blank\" rel=\"noreferrer noopener\">Resmaa Menakem<\/a><\/li><\/ul>\n\n\n<div class=\"wp-block-buttons alignfull is-horizontal is-content-justification-center is-layout-flex wp-container-core-buttons-is-layout-03627597 wp-block-buttons-is-layout-flex\">\n<div class=\"wp-block-button has-custom-width wp-block-button__width-100 is-style-fill\"><a class=\"wp-block-button__link has-white-color has-text-color has-background no-border-radius\" href=\"https:\/\/www.goodreads.com\/book\/show\/34146782-my-grandmother-s-hands\" style=\"background-color:#000000\" target=\"_blank\" rel=\"noreferrer noopener\">Seguir leyendo<\/a><\/div>\n<\/div>\n<\/div>\n\n\n\n<div class=\"wp-block-column has-text-color has-background has-link-color wp-elements-5172c6dae1aea4cfc2331e5cb8d850c5 is-layout-flow wp-block-column-is-layout-flow\" style=\"background-color:#c0ebf1;color:#000000;padding-top:2em;padding-right:2em;padding-bottom:2em;padding-left:2em\">\n<h2 class=\"wp-block-heading\" id=\"patron\" style=\"font-size:40px\">ExitRacism<\/h2>\n\n\n\n<p class=\"has-normal-font-size\"><strong>aprender a pensar cr\u00edticamente sobre el racismo<\/strong><\/p>\n\n\n\n<hr class=\"wp-block-separator has-css-opacity is-style-wide\"\/>\n\n\n\n<ul class=\"has-normal-font-size wp-block-list\"><li><a href=\"https:\/\/www.exitracism.de\/\" target=\"_blank\" rel=\"noreferrer noopener\">Tupoka Ogette<\/a><\/li><\/ul>\n\n\n<div class=\"wp-block-buttons alignfull is-horizontal is-content-justification-center is-layout-flex wp-container-core-buttons-is-layout-03627597 wp-block-buttons-is-layout-flex\">\n<div class=\"wp-block-button has-custom-width wp-block-button__width-100\"><a class=\"wp-block-button__link has-white-color has-text-color has-background no-border-radius\" href=\"https:\/\/www.exitracism.de\/\" style=\"background-color:#000000\" target=\"_blank\" rel=\"noreferrer noopener\">Pida<\/a><\/div>\n<\/div>\n<\/div>\n<\/div>\n\n<div class=\"wp-block-columns alignwide is-layout-flex wp-container-core-columns-is-layout-28f84493 wp-block-columns-is-layout-flex\">\n<div class=\"wp-block-column has-text-color has-background has-link-color wp-elements-f99e07179ed6cde9aad1cdfaa0dbc295 is-layout-flow wp-block-column-is-layout-flow\" style=\"background-color:#ffe97d;color:#000000;padding-top:2em;padding-right:2em;padding-bottom:2em;padding-left:2em\">\n<h2 class=\"wp-block-heading\" id=\"single\" style=\"font-size:40px\">Siendo alem\u00e1n y negro<\/h2>\n\n\n\n<p class=\"has-normal-font-size\" style=\"line-height:1.5\"><strong>Memorias de un afroalem\u00e1n<\/strong><\/p>\n\n\n\n<hr class=\"wp-block-separator has-text-color has-css-opacity has-background is-style-wide\" style=\"background-color:#000000;color:#000000\"\/>\n\n\n\n<ul class=\"has-normal-font-size wp-block-list\"><li>Theodor Michael Wonja<\/li><\/ul>\n\n\n<div class=\"wp-block-buttons alignfull is-horizontal is-content-justification-center is-layout-flex wp-container-core-buttons-is-layout-03627597 wp-block-buttons-is-layout-flex\">\n<div class=\"wp-block-button has-custom-width wp-block-button__width-100\"><a class=\"wp-block-button__link has-white-color has-text-color has-background no-border-radius\" href=\"\" style=\"background-color:#000000\" target=\"_blank\" rel=\"noreferrer noopener\">Seguir leyendo<\/a><\/div>\n<\/div>\n<\/div>\n\n\n\n<div class=\"wp-block-column has-text-color has-background has-link-color wp-elements-8a824d29b76ad4903f29ef0bc569c6b3 is-layout-flow wp-block-column-is-layout-flow\" style=\"background-color:#d1d1e1;color:#000000;padding-top:2em;padding-right:2em;padding-bottom:2em;padding-left:2em\">\n<h2 class=\"wp-block-heading\" id=\"family\" style=\"font-size:40px\">La paradoja de las integraciones<\/h2>\n\n\n\n<p class=\"has-normal-font-size\" style=\"line-height:1.5\"><strong>Por qu\u00e9 una buena integraci\u00f3n genera m\u00e1s conflictos<\/strong><\/p>\n\n\n\n<hr class=\"wp-block-separator has-css-opacity is-style-wide\"\/>\n\n\n\n<ul class=\"has-normal-font-size wp-block-list\"><li>Aladino El- Mafaalani<\/li><\/ul>\n\n\n<div class=\"wp-block-buttons alignfull is-horizontal is-content-justification-center is-layout-flex wp-container-core-buttons-is-layout-03627597 wp-block-buttons-is-layout-flex\">\n<div class=\"wp-block-button has-custom-width wp-block-button__width-100 is-style-fill\"><a class=\"wp-block-button__link has-white-color has-text-color has-background no-border-radius\" href=\"https:\/\/www.kiwi-verlag.de\/buch\/aladin-el-mafaalani-das-integrationsparadox-9783462054279\" style=\"background-color:#000000\" target=\"_blank\" rel=\"noreferrer noopener\">Seguir leyendo<\/a><\/div>\n<\/div>\n<\/div>\n\n\n\n<div class=\"wp-block-column has-text-color has-background has-link-color wp-elements-94fb44803ebd072f35ac5872dc761072 is-layout-flow wp-block-column-is-layout-flow\" style=\"background-color:#c0ebf1;color:#000000;padding-top:2em;padding-right:2em;padding-bottom:2em;padding-left:2em\">\n<h2 class=\"wp-block-heading\" id=\"patron\" style=\"font-size:40px\">Descolonizar la mente<\/h2>\n\n\n\n<p class=\"has-normal-font-size\"><strong>La pol\u00edtica ling\u00fc\u00edstica en la literatura africana<\/strong><\/p>\n\n\n\n<hr class=\"wp-block-separator has-css-opacity is-style-wide\"\/>\n\n\n\n<ul class=\"has-normal-font-size wp-block-list\"><li><a href=\"https:\/\/www.exitracism.de\/\" target=\"_blank\" rel=\"noreferrer noopener\">Ngugi Wa Thiong<\/a>\u201ao<\/li><\/ul>\n\n\n<div class=\"wp-block-buttons alignfull is-horizontal is-content-justification-center is-layout-flex wp-container-core-buttons-is-layout-03627597 wp-block-buttons-is-layout-flex\">\n<div class=\"wp-block-button has-custom-width wp-block-button__width-100\"><a class=\"wp-block-button__link has-white-color has-text-color has-background no-border-radius\" href=\"https:\/\/ngugiwathiongo.com\/decolonising-the-mind\/\" style=\"background-color:#000000\" target=\"_blank\" rel=\"noreferrer noopener\">Seguir leyendo<\/a><\/div>\n<\/div>\n<\/div>\n<\/div>\n\n<div class=\"wp-block-columns alignwide is-layout-flex wp-container-core-columns-is-layout-28f84493 wp-block-columns-is-layout-flex\">\n<div class=\"wp-block-column has-text-color has-background has-link-color wp-elements-bce80ff0567f69e5f6cd0c34209c74db is-layout-flow wp-block-column-is-layout-flow\" style=\"background-color:#ffe97d;color:#000000;padding-top:2em;padding-right:2em;padding-bottom:2em;padding-left:2em\">\n<h2 class=\"wp-block-heading\" id=\"single\" style=\"font-size:40px\">El Museo Brutish<\/h2>\n\n\n\n<p class=\"has-normal-font-size\" style=\"line-height:1.5\"><strong>Los Bronces de Ben\u00edn, violencia colonial y restituci\u00f3n cultural<\/strong><\/p>\n\n\n\n<hr class=\"wp-block-separator has-text-color has-css-opacity has-background is-style-wide\" style=\"background-color:#000000;color:#000000\"\/>\n\n\n\n<ul class=\"has-normal-font-size wp-block-list\"><li><a href=\"https:\/\/www.plutobooks.com\/9780745341767\/the-brutish-museums\/\">Dan Hicks<\/a><\/li><\/ul>\n\n\n<div class=\"wp-block-buttons alignfull is-horizontal is-content-justification-center is-layout-flex wp-container-core-buttons-is-layout-03627597 wp-block-buttons-is-layout-flex\">\n<div class=\"wp-block-button has-custom-width wp-block-button__width-100\"><a class=\"wp-block-button__link has-white-color has-text-color has-background no-border-radius\" href=\"https:\/\/www.plutobooks.com\/9780745341767\/the-brutish-museums\/\" style=\"background-color:#000000\" target=\"_blank\" rel=\"noreferrer noopener\">Seguir leyendo<\/a><\/div>\n<\/div>\n<\/div>\n\n\n\n<div class=\"wp-block-column has-text-color has-background has-link-color wp-elements-72152ff7873fcba3f812e53dc177983e is-layout-flow wp-block-column-is-layout-flow\" style=\"background-color:#d1d1e1;color:#000000;padding-top:2em;padding-right:2em;padding-bottom:2em;padding-left:2em\">\n<h2 class=\"wp-block-heading\" id=\"family\" style=\"font-size:40px\">En defensa del colonialismo alem\u00e1n<\/h2>\n\n\n\n<p class=\"has-normal-font-size\" style=\"line-height:1.5\"><strong>Y c\u00f3mo sus cr\u00edticos dieron poder a nazis, comunistas y enemigos de Occidente<\/strong>.<\/p>\n\n\n\n<hr class=\"wp-block-separator has-css-opacity is-style-wide\"\/>\n\n\n\n<ul class=\"has-normal-font-size wp-block-list\"><li> <a href=\"https:\/\/www.simonandschuster.com\/authors\/Bruce-Gilley\/183188913\" target=\"_blank\" rel=\"noreferrer noopener\">Bruce Gilley<\/a><\/li><\/ul>\n\n\n<div class=\"wp-block-buttons alignfull is-horizontal is-content-justification-center is-layout-flex wp-container-core-buttons-is-layout-03627597 wp-block-buttons-is-layout-flex\">\n<div class=\"wp-block-button has-custom-width wp-block-button__width-100 is-style-fill\"><a class=\"wp-block-button__link has-white-color has-text-color has-background no-border-radius\" href=\"https:\/\/www.simonandschuster.com\/authors\/Bruce-Gilley\/183188913\" style=\"background-color:#000000\">Seguir leyendo<\/a><\/div>\n<\/div>\n<\/div>\n\n\n\n<div class=\"wp-block-column has-text-color has-background has-link-color wp-elements-c870b352b9d1610562e4e45e3423efdb is-layout-flow wp-block-column-is-layout-flow\" style=\"background-color:#c0ebf1;color:#000000;padding-top:2em;padding-right:2em;padding-bottom:2em;padding-left:2em\">\n<h2 class=\"wp-block-heading\" id=\"patron\" style=\"font-size:40px\"><strong>Afterlives<\/strong><\/h2>\n\n\n\n<p class=\"has-normal-font-size\"><strong>Del Premio Nobel de Literatura 2021<\/strong><\/p>\n\n\n\n<hr class=\"wp-block-separator has-css-opacity is-style-wide\"\/>\n\n\n\n<ul class=\"has-normal-font-size wp-block-list\"><li><a href=\"https:\/\/www.hugendubel.de\/de\/search\/advanced?authors=Abdulrazak%20Gurnah\" target=\"_blank\" rel=\"noreferrer noopener\">Abdulrazak Gurnah<\/a><\/li><\/ul>\n\n\n<div class=\"wp-block-buttons alignfull is-horizontal is-content-justification-center is-layout-flex wp-container-core-buttons-is-layout-03627597 wp-block-buttons-is-layout-flex\">\n<div class=\"wp-block-button has-custom-width wp-block-button__width-100\"><a class=\"wp-block-button__link has-white-color has-text-color has-background no-border-radius\" href=\"https:\/\/www.hugendubel.de\/de\/search\/advanced?authors=Abdulrazak%20Gurnah\" style=\"background-color:#000000\" target=\"_blank\" rel=\"noreferrer noopener\">Pida<\/a><\/div>\n<\/div>\n<\/div>\n<\/div>\n\n<div class=\"wp-block-columns alignwide is-layout-flex wp-container-core-columns-is-layout-28f84493 wp-block-columns-is-layout-flex\">\n<div class=\"wp-block-column has-text-color has-background has-link-color wp-elements-9cc352fdfacd08db3bb9169967fea9e5 is-layout-flow wp-block-column-is-layout-flow\" style=\"background-color:#ffe97d;color:#000000;padding-top:2em;padding-right:2em;padding-bottom:2em;padding-left:2em\">\n<h2 class=\"wp-block-heading\" id=\"single\" style=\"font-size:40px\">Alemania sus colonias<\/h2>\n\n\n\n<p class=\"has-normal-font-size\" style=\"line-height:1.5\"><strong>Historia y presente de un tiempo reprimido - Un libro de SPIEGEL<\/strong><\/p>\n\n\n\n<hr class=\"wp-block-separator has-text-color has-css-opacity has-background is-style-wide\" style=\"background-color:#000000;color:#000000\"\/>\n\n\n\n<ul class=\"has-normal-font-size wp-block-list\"><li><a href=\"https:\/\/www.amazon.de\/-\/en\/Eva-Maria-Schnurr\/dp\/3421070024\/ref=sr_1_1?adgrpid=1190771860860929&amp;hvadid=74423352240235&amp;hvbmt=be&amp;hvdev=c&amp;hvlocphy=116076&amp;hvnetw=s&amp;hvqmt=e&amp;hvtargid=kwd-74423460252961%3Aloc-72&amp;hydadcr=5743_2356032&amp;keywords=deutschland+deine+kolonien&amp;qid=1661941736&amp;sr=8-1\" target=\"_blank\" rel=\"noreferrer noopener\">Eva-Maria Schnurr, Frank Patalong<\/a><\/li><\/ul>\n\n\n<div class=\"wp-block-buttons alignfull is-horizontal is-content-justification-center is-layout-flex wp-container-core-buttons-is-layout-03627597 wp-block-buttons-is-layout-flex\">\n<div class=\"wp-block-button has-custom-width wp-block-button__width-100\"><a class=\"wp-block-button__link has-white-color has-text-color has-background no-border-radius\" href=\"https:\/\/www.amazon.de\/-\/en\/Eva-Maria-Schnurr\/dp\/3421070024\/ref=sr_1_1?adgrpid=1190771860860929&amp;hvadid=74423352240235&amp;hvbmt=be&amp;hvdev=c&amp;hvlocphy=116076&amp;hvnetw=s&amp;hvqmt=e&amp;hvtargid=kwd-74423460252961%3Aloc-72&amp;hydadcr=5743_2356032&amp;keywords=deutschland+deine+kolonien&amp;qid=1661941736&amp;sr=8-1\" style=\"background-color:#000000\" target=\"_blank\" rel=\"noreferrer noopener\">detalles<\/a><\/div>\n<\/div>\n<\/div>\n\n\n\n<div class=\"wp-block-column has-text-color has-background has-link-color wp-elements-bb0095f0ba7bfa35af3388061a5b4be7 is-layout-flow wp-block-column-is-layout-flow\" style=\"background-color:#d1d1e1;color:#000000;padding-top:2em;padding-right:2em;padding-bottom:2em;padding-left:2em\">\n<h2 class=\"wp-block-heading\" id=\"family\" style=\"font-size:40px\"><strong>Mam\u00e1 Namibia<\/strong><\/h2>\n\n\n\n<p class=\"has-normal-font-size\" style=\"line-height:1.5\"><strong>Un libro que narra el espantoso genocidio Herero\/Nama  <\/strong><\/p>\n\n\n\n<hr class=\"wp-block-separator has-css-opacity is-style-wide\"\/>\n\n\n\n<ul class=\"has-normal-font-size wp-block-list\"><li> <a style=\"font-size: var(--wp--preset--font-size--normal); font-family: -apple-system, BlinkMacSystemFont, \" segoe=\"\" ui=\"\" roboto=\"\" oxygen-sans=\"\" ubuntu=\"\" cantarell=\"\" neue=\"\" sans-serif=\"\" href=\"https:\/\/www.amazon.de\/MAMA-NAMIBIA-Mari-Serebrov\/dp\/1624870538\" target=\"_blank\" rel=\"noreferrer noopener\">Mari Serebrov<\/a><\/li><\/ul>\n\n\n<div class=\"wp-block-buttons alignfull is-horizontal is-content-justification-center is-layout-flex wp-container-core-buttons-is-layout-03627597 wp-block-buttons-is-layout-flex\">\n<div class=\"wp-block-button has-custom-width wp-block-button__width-100 is-style-fill\"><a class=\"wp-block-button__link has-white-color has-text-color has-background no-border-radius\" href=\"https:\/\/www.amazon.de\/MAMA-NAMIBIA-Mari-Serebrov\/dp\/1624870538\" style=\"background-color:#000000\">Seguir leyendo<\/a><\/div>\n<\/div>\n<\/div>\n\n\n\n<div class=\"wp-block-column has-text-color has-background has-link-color wp-elements-7268e840117e63a36caca8fee4e7ca14 is-layout-flow wp-block-column-is-layout-flow\" style=\"background-color:#c0ebf1;color:#000000;padding-top:2em;padding-right:2em;padding-bottom:2em;padding-left:2em\">\n<h2 class=\"wp-block-heading\" id=\"patron\" style=\"font-size:40px\"><strong>El Holocausto del Kaiser<\/strong><\/h2>\n\n\n\n<p class=\"has-normal-font-size\"><strong>El genocidio olvidado de Alemania<\/strong><\/p>\n\n\n\n<hr class=\"wp-block-separator has-css-opacity is-style-wide\"\/>\n\n\n\n<ul class=\"has-normal-font-size wp-block-list\"><li><a href=\"https:\/\/www.amazon.de\/Kaisers-Holocaust-Germanys-Forgotten-Genocide\/dp\/057123142X\" target=\"_blank\" rel=\"noreferrer noopener\">Casper Erichsen<\/a><\/li><\/ul>\n\n\n<div class=\"wp-block-buttons alignfull is-horizontal is-content-justification-center is-layout-flex wp-container-core-buttons-is-layout-03627597 wp-block-buttons-is-layout-flex\">\n<div class=\"wp-block-button has-custom-width wp-block-button__width-100\"><a class=\"wp-block-button__link has-white-color has-text-color has-background no-border-radius\" href=\"https:\/\/www.amazon.de\/Kaisers-Holocaust-Germanys-Forgotten-Genocide\/dp\/057123142X\" style=\"background-color:#000000\" target=\"_blank\" rel=\"noreferrer noopener\">Seguir leyendo<\/a><\/div>\n<\/div>\n<\/div>\n<\/div>\n\n<div class=\"wp-block-columns alignwide is-layout-flex wp-container-core-columns-is-layout-28f84493 wp-block-columns-is-layout-flex\">\n<div class=\"wp-block-column has-text-color has-background has-link-color wp-elements-c974e4ead94fd8fca50f865db97bf89b is-layout-flow wp-block-column-is-layout-flow\" style=\"background-color:#ffe97d;color:#000000;padding-top:2em;padding-right:2em;padding-bottom:2em;padding-left:2em\">\n<h2 class=\"wp-block-heading\" id=\"single\" style=\"font-size:40px\">Derecho bruto<\/h2>\n\n\n\n<p class=\"has-normal-font-size\" style=\"line-height:1.5\"><strong>Pueblos abor\u00edgenes, colonialismo y Derecho internacional<\/strong><\/p>\n\n\n\n<hr class=\"wp-block-separator has-text-color has-css-opacity has-background is-style-wide\" style=\"background-color:#000000;color:#000000\"\/>\n\n\n\n<ul class=\"has-normal-font-size wp-block-list\"><li><a href=\"https:\/\/www.routledge.com\/Aboriginal-Peoples-Colonialism-and-International-Law-Raw-Law\/Watson\/p\/book\/9781138685963\">Irene Watson<\/a><\/li><\/ul>\n\n\n<div class=\"wp-block-buttons alignfull is-horizontal is-content-justification-center is-layout-flex wp-container-core-buttons-is-layout-03627597 wp-block-buttons-is-layout-flex\">\n<div class=\"wp-block-button has-custom-width wp-block-button__width-100\"><a class=\"wp-block-button__link has-white-color has-text-color has-background no-border-radius\" href=\"https:\/\/www.routledge.com\/Aboriginal-Peoples-Colonialism-and-International-Law-Raw-Law\/Watson\/p\/book\/9781138685963\" style=\"background-color:#000000\" target=\"_blank\" rel=\"noreferrer noopener\">Seguir leyendo<\/a><\/div>\n<\/div>\n<\/div>\n\n\n\n<div class=\"wp-block-column has-text-color has-background has-link-color wp-elements-70fb24cee5f088369ca94d2c6f773c93 is-layout-flow wp-block-column-is-layout-flow\" style=\"background-color:#d1d1e1;color:#000000;padding-top:2em;padding-right:2em;padding-bottom:2em;padding-left:2em\">\n<h2 class=\"wp-block-heading\" id=\"family\" style=\"font-size:40px\"><strong>Noirs dans le camps nazi<\/strong><\/h2>\n\n\n\n<p class=\"has-normal-font-size\" style=\"line-height:1.5\"><strong>No se sab\u00eda todo sobre la Segunda Guerra Mundial. Ce livre le prouve en d\u00e9voilant un aspect totalement m\u00e9connu<\/strong><\/p>\n\n\n\n<hr class=\"wp-block-separator has-css-opacity is-style-wide\"\/>\n\n\n\n<ul class=\"has-normal-font-size wp-block-list\"><li><a href=\"https:\/\/www.goodreads.com\/book\/show\/7196646-noirs-dans-les-camps-nazis\">  Serge Bil\u00e9<\/a><\/li><\/ul>\n\n\n<div class=\"wp-block-buttons alignfull is-horizontal is-content-justification-center is-layout-flex wp-container-core-buttons-is-layout-03627597 wp-block-buttons-is-layout-flex\">\n<div class=\"wp-block-button has-custom-width wp-block-button__width-100 is-style-fill\"><a class=\"wp-block-button__link has-white-color has-text-color has-background no-border-radius\" href=\"https:\/\/www.goodreads.com\/book\/show\/7196646-noirs-dans-les-camps-nazis\" style=\"background-color:#000000\" target=\"_blank\" rel=\"noreferrer noopener\">detalles<\/a><\/div>\n<\/div>\n<\/div>\n\n\n\n<div class=\"wp-block-column has-text-color has-background has-link-color wp-elements-56587ebd88d363bbb89a0ff32013094e is-layout-flow wp-block-column-is-layout-flow\" style=\"background-color:#c0ebf1;color:#000000;padding-top:2em;padding-right:2em;padding-bottom:2em;padding-left:2em\">\n<h2 class=\"wp-block-heading\" id=\"patron\" style=\"font-size:40px\"><strong>Alemania Negro Blanco<\/strong><\/h2>\n\n\n\n<h5 class=\"wp-block-heading\">El racismo cotidiano<\/h5>\n\n\n\n<hr class=\"wp-block-separator has-css-opacity is-style-wide\"\/>\n\n\n\n<ul class=\"has-normal-font-size wp-block-list\"><li><a href=\"https:\/\/www.thalia.de\/shop\/home\/artikeldetails\/A1048887880\" target=\"_blank\" rel=\"noreferrer noopener\">Noah Sow<\/a><\/li><\/ul>\n\n\n<div class=\"wp-block-buttons alignfull is-horizontal is-content-justification-center is-layout-flex wp-container-core-buttons-is-layout-03627597 wp-block-buttons-is-layout-flex\">\n<div class=\"wp-block-button has-custom-width wp-block-button__width-100\"><a class=\"wp-block-button__link has-white-color has-text-color has-background no-border-radius\" href=\"https:\/\/www.thalia.de\/shop\/home\/artikeldetails\/A1048887880\" style=\"background-color:#000000\" target=\"_blank\" rel=\"noreferrer noopener\">Seguir leyendo<\/a><\/div>\n<\/div>\n<\/div>\n<\/div>\n\n<p><\/p>","protected":false},"excerpt":{"rendered":"<p>Afroculture &#8222;the space between yesterday and tomorrow&#8220; Natasha A. Kelly My grandmother&#8217;s hands Racialized Trauma and the Mending of Our Bodies and Hearts. Resmaa Menakem ExitRacism learning to think critically about racism Tupoka Ogette Being German and black at that Memoirs of an Afro-German Theodor Michael Wonja The Integratios Paradox Why successful integration leads to [&hellip;]<\/p>\n","protected":false},"author":1,"featured_media":0,"comment_status":"open","ping_status":"open","sticky":false,"template":"","format":"standard","meta":{"_acf_changed":false,"footnotes":""},"categories":[64],"tags":[163,295],"class_list":["post-4272","post","type-post","status-publish","format-standard","hentry","category-uncategorized","tag-projects-against-racism","tag-racism-berlin"],"acf":[],"aioseo_notices":[],"_links":{"self":[{"href":"https:\/\/www.dekolonialestadtfuehrung.de\/es\/wp-json\/wp\/v2\/posts\/4272","targetHints":{"allow":["GET"]}}],"collection":[{"href":"https:\/\/www.dekolonialestadtfuehrung.de\/es\/wp-json\/wp\/v2\/posts"}],"about":[{"href":"https:\/\/www.dekolonialestadtfuehrung.de\/es\/wp-json\/wp\/v2\/types\/post"}],"author":[{"embeddable":true,"href":"https:\/\/www.dekolonialestadtfuehrung.de\/es\/wp-json\/wp\/v2\/users\/1"}],"replies":[{"embeddable":true,"href":"https:\/\/www.dekolonialestadtfuehrung.de\/es\/wp-json\/wp\/v2\/comments?post=4272"}],"version-history":[{"count":1,"href":"https:\/\/www.dekolonialestadtfuehrung.de\/es\/wp-json\/wp\/v2\/posts\/4272\/revisions"}],"predecessor-version":[{"id":30815,"href":"https:\/\/www.dekolonialestadtfuehrung.de\/es\/wp-json\/wp\/v2\/posts\/4272\/revisions\/30815"}],"wp:attachment":[{"href":"https:\/\/www.dekolonialestadtfuehrung.de\/es\/wp-json\/wp\/v2\/media?parent=4272"}],"wp:term":[{"taxonomy":"category","embeddable":true,"href":"https:\/\/www.dekolonialestadtfuehrung.de\/es\/wp-json\/wp\/v2\/categories?post=4272"},{"taxonomy":"post_tag","embeddable":true,"href":"https:\/\/www.dekolonialestadtfuehrung.de\/es\/wp-json\/wp\/v2\/tags?post=4272"}],"curies":[{"name":"wp","href":"https:\/\/api.w.org\/{rel}","templated":true}]}}