{"id":4264,"date":"2022-08-31T23:31:13","date_gmt":"2022-08-31T21:31:13","guid":{"rendered":"https:\/\/www.dekolonialestadtfuehrung.de\/?p=4264"},"modified":"2024-07-11T22:26:29","modified_gmt":"2024-07-11T20:26:29","slug":"wanda-de-exberliner-2","status":"publish","type":"post","link":"https:\/\/www.dekolonialestadtfuehrung.de\/es\/2022\/08\/wanda-von-exberliner-2\/","title":{"rendered":"Wanda Sachs de EXBERLINER"},"content":{"rendered":"<div class=\"wp-block-media-text alignfull has-media-on-the-right is-stacked-on-mobile is-vertically-aligned-top is-image-fill has-text-color has-background has-link-color wp-elements-58d013fe58b51eccfa3d94a6d23f7a60\" style=\"background-color:#121c1c;color:#fffdc7;grid-template-columns:auto 38%\"><figure class=\"wp-block-media-text__media\" style=\"background-image:url(https:\/\/www.dekolonialestadtfuehrung.de\/app\/uploads\/2022\/08\/Afrika_Karte_Nils_Kolonialgeschichte-684x1024.jpg);background-position:50% 50%\"><img decoding=\"async\" src=\"https:\/\/www.dekolonialestadtfuehrung.de\/app\/uploads\/2022\/08\/Afrika_Karte_Nils_Kolonialgeschichte-684x1024.jpg\" alt=\"\" class=\"wp-image-4129 size-full\"\/><\/figure><div class=\"wp-block-media-text__content\">\n<div class=\"wp-block-group has-link-color wp-elements-fe37d431f50aaa1d0dde358b8ecbc4d1 is-layout-flow wp-block-group-is-layout-flow\" style=\"padding-top:2em;padding-right:2em;padding-bottom:2em;padding-left:2em\">\n<h2 class=\"has-white-color has-text-color wp-block-heading\" style=\"font-size:48px;font-weight:700;line-height:1.15\">EXBERLINER visita el Barrio Africano  <\/h2>\n\n\n\n<p class=\"has-text-color has-link-color wp-elements-33e918850e9167b30af13bf6d9fcb331\" style=\"color:#fffdc7\"><strong><a href=\"https:\/\/www.exberliner.com\/\" target=\"_blank\" rel=\"noreferrer noopener\">Leer art\u00edculo \u2192<\/a><\/strong><\/p>\n\n\n\n<p>El art\u00edculo aparece en el n\u00famero de septiembre<\/p>\n<\/div>\n<\/div><\/div>","protected":false},"excerpt":{"rendered":"<p>Justice Mvemba y su equipo ofrecen visitas guiadas sobre el tema de la historia colonial en el Barrio Africano de Berl\u00edn. M\u00e1s informaci\u00f3n sobre las visitas guiadas especiales en Berl\u00edn...<\/p>","protected":false},"author":1,"featured_media":0,"comment_status":"closed","ping_status":"closed","sticky":false,"template":"","format":"standard","meta":{"_acf_changed":false,"footnotes":""},"categories":[338,1],"tags":[124,125,123],"class_list":["post-4264","post","type-post","status-publish","format-standard","hentry","category-press","category-unkategorisiert","tag-berlin-walking-tour","tag-klassenfahrt-berlin-tipps","tag-stadtfuehrung-berlin"],"acf":[],"aioseo_notices":[],"_links":{"self":[{"href":"https:\/\/www.dekolonialestadtfuehrung.de\/es\/wp-json\/wp\/v2\/posts\/4264","targetHints":{"allow":["GET"]}}],"collection":[{"href":"https:\/\/www.dekolonialestadtfuehrung.de\/es\/wp-json\/wp\/v2\/posts"}],"about":[{"href":"https:\/\/www.dekolonialestadtfuehrung.de\/es\/wp-json\/wp\/v2\/types\/post"}],"author":[{"embeddable":true,"href":"https:\/\/www.dekolonialestadtfuehrung.de\/es\/wp-json\/wp\/v2\/users\/1"}],"replies":[{"embeddable":true,"href":"https:\/\/www.dekolonialestadtfuehrung.de\/es\/wp-json\/wp\/v2\/comments?post=4264"}],"version-history":[{"count":1,"href":"https:\/\/www.dekolonialestadtfuehrung.de\/es\/wp-json\/wp\/v2\/posts\/4264\/revisions"}],"predecessor-version":[{"id":27627,"href":"https:\/\/www.dekolonialestadtfuehrung.de\/es\/wp-json\/wp\/v2\/posts\/4264\/revisions\/27627"}],"wp:attachment":[{"href":"https:\/\/www.dekolonialestadtfuehrung.de\/es\/wp-json\/wp\/v2\/media?parent=4264"}],"wp:term":[{"taxonomy":"category","embeddable":true,"href":"https:\/\/www.dekolonialestadtfuehrung.de\/es\/wp-json\/wp\/v2\/categories?post=4264"},{"taxonomy":"post_tag","embeddable":true,"href":"https:\/\/www.dekolonialestadtfuehrung.de\/es\/wp-json\/wp\/v2\/tags?post=4264"}],"curies":[{"name":"wp","href":"https:\/\/api.w.org\/{rel}","templated":true}]}}