{"id":41756,"date":"2024-11-28T12:18:56","date_gmt":"2024-11-28T11:18:56","guid":{"rendered":"https:\/\/www.dekolonialestadtfuehrung.de\/?p=41756"},"modified":"2024-12-05T13:01:13","modified_gmt":"2024-12-05T12:01:13","slug":"doble-prisma-de-la-historia-aportaciones-y-carencias-morales-de-los-misioneros","status":"publish","type":"post","link":"https:\/\/www.dekolonialestadtfuehrung.de\/es\/2024\/11\/historys-double-lens-missionaries-contributions-and-moral-failings\/","title":{"rendered":"El doble prisma de la Historia: las aportaciones de los misioneros y sus fallos morales"},"content":{"rendered":"<div data-elementor-type=\"wp-post\" data-elementor-id=\"41756\" class=\"elementor elementor-41756\" data-elementor-post-type=\"post\">\n\t\t\t\t\t\t<section class=\"elementor-section elementor-top-section elementor-element elementor-element-39158143 elementor-section-boxed elementor-section-height-default elementor-section-height-default\" data-id=\"39158143\" data-element_type=\"section\" data-e-type=\"section\">\n\t\t\t\t\t\t<div class=\"elementor-container elementor-column-gap-default\">\n\t\t\t\t\t<div class=\"elementor-column elementor-col-100 elementor-top-column elementor-element elementor-element-55d6f10a\" data-id=\"55d6f10a\" data-element_type=\"column\" data-e-type=\"column\">\n\t\t\t<div class=\"elementor-widget-wrap elementor-element-populated\">\n\t\t\t\t\t\t<div class=\"elementor-element elementor-element-283e23a1 elementor-widget elementor-widget-spacer\" data-id=\"283e23a1\" data-element_type=\"widget\" data-e-type=\"widget\" data-widget_type=\"spacer.default\">\n\t\t\t\t<div class=\"elementor-widget-container\">\n\t\t\t\t\t\t\t<div class=\"elementor-spacer\">\n\t\t\t<div class=\"elementor-spacer-inner\"><\/div>\n\t\t<\/div>\n\t\t\t\t\t\t<\/div>\n\t\t\t\t<\/div>\n\t\t\t\t\t<\/div>\n\t\t<\/div>\n\t\t\t\t\t<\/div>\n\t\t<\/section>\n\t\t\t\t<section class=\"elementor-section elementor-top-section elementor-element elementor-element-39d80bbc elementor-section-boxed elementor-section-height-default elementor-section-height-default\" data-id=\"39d80bbc\" data-element_type=\"section\" data-e-type=\"section\">\n\t\t\t\t\t\t<div class=\"elementor-container elementor-column-gap-default\">\n\t\t\t\t\t<div class=\"elementor-column elementor-col-16 elementor-top-column elementor-element elementor-element-50eff889\" data-id=\"50eff889\" data-element_type=\"column\" data-e-type=\"column\">\n\t\t\t<div class=\"elementor-widget-wrap\">\n\t\t\t\t\t\t\t<\/div>\n\t\t<\/div>\n\t\t\t\t<div class=\"elementor-column elementor-col-66 elementor-top-column elementor-element elementor-element-7374956a\" data-id=\"7374956a\" data-element_type=\"column\" data-e-type=\"column\">\n\t\t\t<div class=\"elementor-widget-wrap elementor-element-populated\">\n\t\t\t\t\t\t<div class=\"elementor-element elementor-element-42d03ce8 elementor-widget elementor-widget-heading\" data-id=\"42d03ce8\" data-element_type=\"widget\" data-e-type=\"widget\" data-widget_type=\"heading.default\">\n\t\t\t\t<div class=\"elementor-widget-container\">\n\t\t\t\t\t<h2 class=\"elementor-heading-title elementor-size-default\">El doble prisma de la Historia: revelar las contribuciones y los fallos morales de los misioneros<\/h2>\t\t\t\t<\/div>\n\t\t\t\t<\/div>\n\t\t\t\t\t<\/div>\n\t\t<\/div>\n\t\t\t\t<div class=\"elementor-column elementor-col-16 elementor-top-column elementor-element elementor-element-71770c80\" data-id=\"71770c80\" data-element_type=\"column\" data-e-type=\"column\">\n\t\t\t<div class=\"elementor-widget-wrap\">\n\t\t\t\t\t\t\t<\/div>\n\t\t<\/div>\n\t\t\t\t\t<\/div>\n\t\t<\/section>\n\t\t\t\t<section class=\"elementor-section elementor-top-section elementor-element elementor-element-6ff7e4cd elementor-section-boxed elementor-section-height-default elementor-section-height-default\" data-id=\"6ff7e4cd\" data-element_type=\"section\" data-e-type=\"section\">\n\t\t\t\t\t\t<div class=\"elementor-container elementor-column-gap-default\">\n\t\t\t\t\t<div class=\"elementor-column elementor-col-16 elementor-top-column elementor-element elementor-element-7ef4953a\" data-id=\"7ef4953a\" data-element_type=\"column\" data-e-type=\"column\">\n\t\t\t<div class=\"elementor-widget-wrap\">\n\t\t\t\t\t\t\t<\/div>\n\t\t<\/div>\n\t\t\t\t<div class=\"elementor-column elementor-col-66 elementor-top-column elementor-element elementor-element-36052f22\" data-id=\"36052f22\" data-element_type=\"column\" data-e-type=\"column\">\n\t\t\t<div class=\"elementor-widget-wrap elementor-element-populated\">\n\t\t\t\t\t\t<div class=\"elementor-element elementor-element-6733fec7 elementor-widget elementor-widget-text-editor\" data-id=\"6733fec7\" data-element_type=\"widget\" data-e-type=\"widget\" data-widget_type=\"text-editor.default\">\n\t\t\t\t<div class=\"elementor-widget-container\">\n\t\t\t\t\t\t\t\t\t<p><span style=\"font-weight: 400;\">La historia rara vez es un relato lineal, sino m\u00e1s bien un collage de interacciones humanas, intenciones y consecuencias. As\u00ed lo demuestra el legado de los misioneros europeos en \u00c1frica, cuyas expediciones suelen celebrarse por su contribuci\u00f3n al conocimiento europeo del continente. Sin embargo, bajo la superficie de estos relatos glorificados se esconde una historia llena de deficiencias morales, explotaci\u00f3n del poder e insensibilidades culturales.<\/span><\/p><p><span style=\"font-weight: 400;\">Aunque la misi\u00f3n principal de los misioneros eran las conversiones religiosas, su viaje de descubrimiento desentra\u00f1\u00f3 la riqueza de las culturas africanas. Inmersos en la vida cotidiana local, documentaron y aprendieron pr\u00e1cticas que realmente enriquecieron su comprensi\u00f3n de las sociedades africanas.<\/span><\/p>\t\t\t\t\t\t\t\t<\/div>\n\t\t\t\t<\/div>\n\t\t\t\t\t<\/div>\n\t\t<\/div>\n\t\t\t\t<div class=\"elementor-column elementor-col-16 elementor-top-column elementor-element elementor-element-490b7944\" data-id=\"490b7944\" data-element_type=\"column\" data-e-type=\"column\">\n\t\t\t<div class=\"elementor-widget-wrap\">\n\t\t\t\t\t\t\t<\/div>\n\t\t<\/div>\n\t\t\t\t\t<\/div>\n\t\t<\/section>\n\t\t\t\t<section class=\"elementor-section elementor-top-section elementor-element elementor-element-7d466bcf elementor-section-boxed elementor-section-height-default elementor-section-height-default\" data-id=\"7d466bcf\" data-element_type=\"section\" data-e-type=\"section\">\n\t\t\t\t\t\t<div class=\"elementor-container elementor-column-gap-default\">\n\t\t\t\t\t<div class=\"elementor-column elementor-col-66 elementor-top-column elementor-element elementor-element-4d807be8\" data-id=\"4d807be8\" data-element_type=\"column\" data-e-type=\"column\">\n\t\t\t<div class=\"elementor-widget-wrap elementor-element-populated\">\n\t\t\t\t\t\t<div class=\"elementor-element elementor-element-2635429d elementor-widget elementor-widget-text-editor\" data-id=\"2635429d\" data-element_type=\"widget\" data-e-type=\"widget\" data-widget_type=\"text-editor.default\">\n\t\t\t\t<div class=\"elementor-widget-container\">\n\t\t\t\t\t\t\t\t\t<p><b>El legado de Mary Mitchell Slessor<\/b><\/p><p><span style=\"font-weight: 400;\">Una de estas din\u00e1micas est\u00e1 representada por la vida y obra de Mary Mitchell Slessor, la primera misionera presbiteriana escocesa en Nigeria. Por ejemplo, sus pr\u00e1cticas curativas locales -es decir, las plantas y hierbas aut\u00f3ctonas- procedentes de estas comunidades le granjearon un gran respeto entre ellas. Esto no s\u00f3lo enriqueci\u00f3 la prestaci\u00f3n de asistencia sanitaria en Nigeria, sino que tambi\u00e9n inform\u00f3 a Europa a trav\u00e9s de sus cartas y obras literarias sobre los m\u00e9todos curativos de \u00c1frica.<\/span><\/p><p><span style=\"font-weight: 400;\">Las fracturas, luxaciones y otros problemas musculoesquel\u00e9ticos se trataban con gran habilidad mediante m\u00e9todos tradicionales de fijaci\u00f3n de huesos en Nigeria. Este tipo de pr\u00e1cticas fueron observadas y estudiadas por misioneros europeos como Slessor, que aprendieron diversas t\u00e9cnicas de masaje y manipulaci\u00f3n que contribuyeron al desarrollo de los conocimientos en su pa\u00eds.<\/span><\/p>\t\t\t\t\t\t\t\t<\/div>\n\t\t\t\t<\/div>\n\t\t\t\t\t<\/div>\n\t\t<\/div>\n\t\t\t\t<div class=\"elementor-column elementor-col-33 elementor-top-column elementor-element elementor-element-5a2dd1e6\" data-id=\"5a2dd1e6\" data-element_type=\"column\" data-e-type=\"column\">\n\t\t\t<div class=\"elementor-widget-wrap\">\n\t\t\t\t\t\t\t<\/div>\n\t\t<\/div>\n\t\t\t\t\t<\/div>\n\t\t<\/section>\n\t\t\t\t<section class=\"elementor-section elementor-top-section elementor-element elementor-element-50e5de66 elementor-section-boxed elementor-section-height-default elementor-section-height-default\" data-id=\"50e5de66\" data-element_type=\"section\" data-e-type=\"section\">\n\t\t\t\t\t\t<div class=\"elementor-container elementor-column-gap-default\">\n\t\t\t\t\t<div class=\"elementor-column elementor-col-33 elementor-top-column elementor-element elementor-element-7eec9939\" data-id=\"7eec9939\" data-element_type=\"column\" data-e-type=\"column\">\n\t\t\t<div class=\"elementor-widget-wrap\">\n\t\t\t\t\t\t\t<\/div>\n\t\t<\/div>\n\t\t\t\t<div class=\"elementor-column elementor-col-66 elementor-top-column elementor-element elementor-element-3d80f713\" data-id=\"3d80f713\" data-element_type=\"column\" data-e-type=\"column\">\n\t\t\t<div class=\"elementor-widget-wrap elementor-element-populated\">\n\t\t\t\t\t\t<div class=\"elementor-element elementor-element-45ea1f16 elementor-widget elementor-widget-text-editor\" data-id=\"45ea1f16\" data-element_type=\"widget\" data-e-type=\"widget\" data-widget_type=\"text-editor.default\">\n\t\t\t\t<div class=\"elementor-widget-container\">\n\t\t\t\t\t\t\t\t\t<p><b>Albert Schweitzer: una figura compleja<\/b><\/p><p><span style=\"font-weight: 400;\">La labor misionera, como la de Albert Schweitzer en \u00c1frica, se pone como modelo por su intenci\u00f3n de proporcionar la ayuda m\u00e9dica necesaria. Sus esfuerzos no estuvieron exentos de defectos \u00e9ticos. Siendo la prestaci\u00f3n de una asistencia sanitaria muy necesaria, su enfoque reflejaba a menudo una mentalidad paternalista que eclipsaba la capacitaci\u00f3n de las poblaciones locales.<\/span><\/p><p><span style=\"font-weight: 400;\">Seg\u00fan los informes, el hospital de Schweitzer funcionaba seg\u00fan un orden jer\u00e1rquico, en el que el personal europeo recib\u00eda salarios m\u00e1s altos y mejores condiciones de vida que sus colegas africanos. A las mujeres se les asignaban principalmente funciones subordinadas, mientras que la incapacidad de los lugare\u00f1os para asumir funciones m\u00e9dicas de liderazgo imped\u00eda la perpetuaci\u00f3n de su modelo de asistencia sanitaria. La dependencia de Schweitzer de los profesionales m\u00e9dicos occidentales, en lugar de una inversi\u00f3n en la capacitaci\u00f3n de los locales, es la oportunidad perdida hacia la creaci\u00f3n de sistemas autosuficientes.<\/span><\/p><p><b>Lecciones para hoy<\/b><\/p><p><span style=\"font-weight: 400;\">Como dijo una vez Maya Angelou: \u201eLa historia, a pesar de su dolor desgarrador, no puede dejar de vivirse, pero si se afronta con valent\u00eda, no es necesario volver a vivirla\u201c. Estos ejemplos hist\u00f3ricos nos recuerdan que incluso los esfuerzos humanitarios bienintencionados requieren una evaluaci\u00f3n constante a trav\u00e9s de la lente de la sensibilidad cultural, la equidad y la capacitaci\u00f3n.<\/span><\/p><p><b>Queridos blancos, a quien corresponda:<\/b><\/p><p><span style=\"font-weight: 400;\">La comprensi\u00f3n que los misioneros europeos recibieron de las comunidades africanas en nuestro mundo conectado deber\u00eda ser una lecci\u00f3n m\u00e1s all\u00e1 del tiempo. Estos testimonios son puentes hacia nuestro pasado com\u00fan, que nos desaf\u00edan hacia la creaci\u00f3n de un futuro marcado por el respeto, la colaboraci\u00f3n y el enriquecimiento mutuo.<\/span><\/p><p><span style=\"font-weight: 400;\">He aqu\u00ed c\u00f3mo podemos aplicar estas lecciones hoy:<\/span><\/p><ol><li><i><span style=\"font-weight: 400;\"> Respetar las diversas culturas<\/span><\/i><\/li><\/ol><p><span style=\"font-weight: 400;\">Reconocer la importancia de respetar otras culturas y formas de vida; esto garantizar\u00e1 una perspectiva m\u00e1s amplia del mundo, apreciando la diversidad.<\/span><\/p><ol start=\"2\"><li><i><span style=\"font-weight: 400;\"> Defender la colaboraci\u00f3n y la equidad<\/span><\/i><\/li><\/ol><p><span style=\"font-weight: 400;\">Emprender actividades contra la discriminaci\u00f3n y reivindicar la igualdad de derechos. Darse cuenta de que el conocimiento no pertenece a una sola cultura y aprender unos de otros.<\/span><\/p><ol start=\"3\"><li><i><span style=\"font-weight: 400;\"> La complejidad de la Historia<\/span><\/i><\/li><\/ol><p><span style=\"font-weight: 400;\">Reconozca que la historia no puede reducirse a un \u00fanico relato del bien y del mal. Las interacciones entre culturas han sido complejas; intente no fomentar puntos de vista unilaterales.<\/span><\/p><p><span style=\"font-weight: 400;\">Como dijo el arzobispo Desmond Tutu: \u201eMi humanidad est\u00e1 ligada a la tuya, porque s\u00f3lo podemos ser humanos juntos\u201c.\u201c<\/span><\/p><p><span style=\"font-weight: 400;\">Dejemos que estas historias nos inspiren para forjar un futuro basado en la compasi\u00f3n, la comprensi\u00f3n y la unidad.<\/span><\/p><p>\u00a0<\/p>\t\t\t\t\t\t\t\t<\/div>\n\t\t\t\t<\/div>\n\t\t\t\t\t<\/div>\n\t\t<\/div>\n\t\t\t\t\t<\/div>\n\t\t<\/section>\n\t\t\t\t<\/div>","protected":false},"excerpt":{"rendered":"<p>el legado de los misioneros europeos en \u00c1frica, cuyas expediciones se celebran a menudo por su contribuci\u00f3n al conocimiento europeo del continente. Sin embargo, bajo la superficie de estos relatos glorificados se esconde una historia llena de deficiencias morales, explotaci\u00f3n del poder e insensibilidades culturales.<\/p>\n<p>Aunque la misi\u00f3n principal de los misioneros eran las conversiones religiosas, su viaje de descubrimiento desentra\u00f1\u00f3 la riqueza de las culturas africanas. Inmersos en la vida cotidiana local, documentaron y aprendieron pr\u00e1cticas que realmente enriquecieron su comprensi\u00f3n de las sociedades africanas.<\/p>","protected":false},"author":10,"featured_media":0,"comment_status":"closed","ping_status":"closed","sticky":false,"template":"","format":"standard","meta":{"_acf_changed":false,"footnotes":""},"categories":[357,334],"tags":[271,116,118,121],"class_list":["post-41756","post","type-post","status-publish","format-standard","hentry","category-magazin","category-magazine","tag-activism","tag-kolonialismus","tag-projekte-gegen-rassismus","tag-rassismus-berlin"],"acf":[],"aioseo_notices":[],"_links":{"self":[{"href":"https:\/\/www.dekolonialestadtfuehrung.de\/es\/wp-json\/wp\/v2\/posts\/41756","targetHints":{"allow":["GET"]}}],"collection":[{"href":"https:\/\/www.dekolonialestadtfuehrung.de\/es\/wp-json\/wp\/v2\/posts"}],"about":[{"href":"https:\/\/www.dekolonialestadtfuehrung.de\/es\/wp-json\/wp\/v2\/types\/post"}],"author":[{"embeddable":true,"href":"https:\/\/www.dekolonialestadtfuehrung.de\/es\/wp-json\/wp\/v2\/users\/10"}],"replies":[{"embeddable":true,"href":"https:\/\/www.dekolonialestadtfuehrung.de\/es\/wp-json\/wp\/v2\/comments?post=41756"}],"version-history":[{"count":11,"href":"https:\/\/www.dekolonialestadtfuehrung.de\/es\/wp-json\/wp\/v2\/posts\/41756\/revisions"}],"predecessor-version":[{"id":42539,"href":"https:\/\/www.dekolonialestadtfuehrung.de\/es\/wp-json\/wp\/v2\/posts\/41756\/revisions\/42539"}],"wp:attachment":[{"href":"https:\/\/www.dekolonialestadtfuehrung.de\/es\/wp-json\/wp\/v2\/media?parent=41756"}],"wp:term":[{"taxonomy":"category","embeddable":true,"href":"https:\/\/www.dekolonialestadtfuehrung.de\/es\/wp-json\/wp\/v2\/categories?post=41756"},{"taxonomy":"post_tag","embeddable":true,"href":"https:\/\/www.dekolonialestadtfuehrung.de\/es\/wp-json\/wp\/v2\/tags?post=41756"}],"curies":[{"name":"wp","href":"https:\/\/api.w.org\/{rel}","templated":true}]}}