{"id":34571,"date":"2024-12-16T14:49:12","date_gmt":"2024-12-16T13:49:12","guid":{"rendered":"https:\/\/www.dekolonialestadtfuehrung.de\/?p=34571"},"modified":"2024-12-16T17:22:26","modified_gmt":"2024-12-16T16:22:26","slug":"recuperar-la-historia","status":"publish","type":"post","link":"https:\/\/www.dekolonialestadtfuehrung.de\/es\/2024\/12\/reclaiming-history\/","title":{"rendered":"Recuperar la historia"},"content":{"rendered":"<p>Ra\u00edces coloniales del genocidio de Ruanda<\/p>\n\n\n\n<p>En abril de 1994, los padres de Samuel Ishimwe, de dos a\u00f1os, fueron asesinados en Ruanda. Su destino fue compartido por hasta un mill\u00f3n de personas en el genocidio contra la minor\u00eda tutsi del pa\u00eds. Treinta a\u00f1os despu\u00e9s, Samuel se propone descubrir qu\u00e9 desencaden\u00f3 aquellos terribles acontecimientos. Emprende un viaje desde Ruanda hasta Alemania y B\u00e9lgica, ambas antiguas potencias coloniales en la peque\u00f1a naci\u00f3n de \u00c1frica Oriental. Espera que esto le ayude a comprender las causas de la animadversi\u00f3n de la mayor\u00eda hutu hacia la peque\u00f1a minor\u00eda tutsi del pa\u00eds.<\/p>","protected":false},"excerpt":{"rendered":"<p>A primera vista, parece que Alemania no tiene nada que ver con el genocidio contra los tutsis en Ruanda. Pero en su b\u00fasqueda de la invenci\u00f3n del concepto racial de hutus y tutsis, Samuel acaba en Alemania. Aqu\u00ed, supuestos cient\u00edficos han convertido un modo de vida en una \u201eraza\u201c y han introducido as\u00ed una jerarqu\u00eda, con consecuencias fatales. <\/p>","protected":false},"author":1,"featured_media":0,"comment_status":"closed","ping_status":"closed","sticky":false,"template":"","format":"standard","meta":{"_acf_changed":false,"footnotes":""},"categories":[370],"tags":[116],"class_list":["post-34571","post","type-post","status-publish","format-standard","hentry","category-dokumentationen","tag-kolonialismus"],"acf":[],"aioseo_notices":[],"_links":{"self":[{"href":"https:\/\/www.dekolonialestadtfuehrung.de\/es\/wp-json\/wp\/v2\/posts\/34571","targetHints":{"allow":["GET"]}}],"collection":[{"href":"https:\/\/www.dekolonialestadtfuehrung.de\/es\/wp-json\/wp\/v2\/posts"}],"about":[{"href":"https:\/\/www.dekolonialestadtfuehrung.de\/es\/wp-json\/wp\/v2\/types\/post"}],"author":[{"embeddable":true,"href":"https:\/\/www.dekolonialestadtfuehrung.de\/es\/wp-json\/wp\/v2\/users\/1"}],"replies":[{"embeddable":true,"href":"https:\/\/www.dekolonialestadtfuehrung.de\/es\/wp-json\/wp\/v2\/comments?post=34571"}],"version-history":[{"count":6,"href":"https:\/\/www.dekolonialestadtfuehrung.de\/es\/wp-json\/wp\/v2\/posts\/34571\/revisions"}],"predecessor-version":[{"id":43962,"href":"https:\/\/www.dekolonialestadtfuehrung.de\/es\/wp-json\/wp\/v2\/posts\/34571\/revisions\/43962"}],"wp:attachment":[{"href":"https:\/\/www.dekolonialestadtfuehrung.de\/es\/wp-json\/wp\/v2\/media?parent=34571"}],"wp:term":[{"taxonomy":"category","embeddable":true,"href":"https:\/\/www.dekolonialestadtfuehrung.de\/es\/wp-json\/wp\/v2\/categories?post=34571"},{"taxonomy":"post_tag","embeddable":true,"href":"https:\/\/www.dekolonialestadtfuehrung.de\/es\/wp-json\/wp\/v2\/tags?post=34571"}],"curies":[{"name":"wp","href":"https:\/\/api.w.org\/{rel}","templated":true}]}}