{"id":21270,"date":"2024-03-04T10:35:43","date_gmt":"2024-03-04T09:35:43","guid":{"rendered":"https:\/\/www.dekolonialestadtfuehrung.de\/2024\/03\/may-ayim-an-afro-german-inspiration\/"},"modified":"2024-07-12T12:30:44","modified_gmt":"2024-07-12T10:30:44","slug":"may-ayim-una-inspiracion-afroalemana","status":"publish","type":"post","link":"https:\/\/www.dekolonialestadtfuehrung.de\/es\/2024\/03\/may-ayim-an-afro-german-inspiration\/","title":{"rendered":"May Ayim: una inspiraci\u00f3n afroalemana"},"content":{"rendered":"<p>\u00bfSab\u00eda que los efectos del racismo en la sociedad alemana le costaron la vida a May Ayim?  <\/p>\n\n<p>Su historia nos habla de las experiencias de ser una mujer afroalemana y de c\u00f3mo estas experiencias pueden afectar a la salud mental. Leamos un poco m\u00e1s sobre su vida y su activismo.<\/p>\n\n<p>\u00bfQu\u00e9 nos dice la historia de May Ayim sobre las experiencias de la vida de una mujer afroalemana en Alemania? Leamos un poco m\u00e1s sobre su vida y sus contribuciones...<\/p>\n\n<p>El viaje de Ayim fue un viaje de autodescubrimiento y defensa en una sociedad en la que las voces negras sol\u00edan ser silenciadas y marginadas, y en la que se entrecruzaban cuestiones de raza, identidad y pertenencia. Como poeta, educadora y activista, puso en tela de juicio las narrativas predominantes de la identidad alemana y arroj\u00f3 luz sobre las experiencias de los afroalemanes y otras comunidades marginadas.<\/p>\n\n<p>Su obra fundamental, \"Blues in Black and White: A Collection of Essays, Poetry, and Conversations\", exploraba las complejidades de la identidad afroalemana y ahondaba en los temas de la di\u00e1spora, el colonialismo y la resistencia. Con su poderosa prosa y poes\u00eda, Ayim dio voz a las luchas y triunfos de los afroalemanes y reivindic\u00f3 su lugar en la historia y la sociedad.<\/p>\n\n<p>El activismo de Ayim fue m\u00e1s all\u00e1 de la palabra escrita. Fue cofundadora de la Initiative Schwarze Menschen in Deutschland, una organizaci\u00f3n pionera que lucha por los derechos y la visibilidad de los negros en Alemania. Gracias a sus incansables esfuerzos, Ayim contribuy\u00f3 a que se oyeran las voces afroalemanas y foment\u00f3 un sentimiento de comunidad y solidaridad entre grupos marginados.<\/p>\n\n<p>Al leer las experiencias de May Ayim y su lucha por sus derechos, uno empieza a cuestionarse nuestros sistemas actuales y c\u00f3mo abordan el racismo y el significado de la descolonialidad. Necesitamos incorporar m\u00e1s plenamente los conocimientos y experiencias de las comunidades marginadas en el aprendizaje cotidiano y descolonizar los conocimientos y sistemas del pasado que han ignorado a los negros o a las personas con discapacidad.  <\/p>\n\n<p>Pues fueron estos sistemas los que llevaron a May Ayim a quitarse la vida, con todo el estr\u00e9s psicol\u00f3gico y las repercusiones sociales del rechazo de los problemas de los negros. Es una llamada al cambio y a que todos sus esfuerzos no se pierdan, sino que pasen a las generaciones futuras.<\/p>","protected":false},"excerpt":{"rendered":"<p>Did you know that the effects of racism in German society cost May Ayim her life? Her story tells us about the experiences of being an Afro-German woman and how these experiences can affect one&#8217;s mental health. Let&#8217;s read a little more about her life and her activism. What does May Ayim&#8217;s story tell us [&hellip;]<\/p>\n","protected":false},"author":10,"featured_media":0,"comment_status":"closed","ping_status":"closed","sticky":false,"template":"","format":"standard","meta":{"_acf_changed":false,"footnotes":""},"categories":[357,334],"tags":[271,296,295],"class_list":["post-21270","post","type-post","status-publish","format-standard","hentry","category-magazin","category-magazine","tag-activism","tag-afro-germans","tag-racism-berlin"],"acf":[],"aioseo_notices":[],"_links":{"self":[{"href":"https:\/\/www.dekolonialestadtfuehrung.de\/es\/wp-json\/wp\/v2\/posts\/21270","targetHints":{"allow":["GET"]}}],"collection":[{"href":"https:\/\/www.dekolonialestadtfuehrung.de\/es\/wp-json\/wp\/v2\/posts"}],"about":[{"href":"https:\/\/www.dekolonialestadtfuehrung.de\/es\/wp-json\/wp\/v2\/types\/post"}],"author":[{"embeddable":true,"href":"https:\/\/www.dekolonialestadtfuehrung.de\/es\/wp-json\/wp\/v2\/users\/10"}],"replies":[{"embeddable":true,"href":"https:\/\/www.dekolonialestadtfuehrung.de\/es\/wp-json\/wp\/v2\/comments?post=21270"}],"version-history":[{"count":1,"href":"https:\/\/www.dekolonialestadtfuehrung.de\/es\/wp-json\/wp\/v2\/posts\/21270\/revisions"}],"predecessor-version":[{"id":28552,"href":"https:\/\/www.dekolonialestadtfuehrung.de\/es\/wp-json\/wp\/v2\/posts\/21270\/revisions\/28552"}],"wp:attachment":[{"href":"https:\/\/www.dekolonialestadtfuehrung.de\/es\/wp-json\/wp\/v2\/media?parent=21270"}],"wp:term":[{"taxonomy":"category","embeddable":true,"href":"https:\/\/www.dekolonialestadtfuehrung.de\/es\/wp-json\/wp\/v2\/categories?post=21270"},{"taxonomy":"post_tag","embeddable":true,"href":"https:\/\/www.dekolonialestadtfuehrung.de\/es\/wp-json\/wp\/v2\/tags?post=21270"}],"curies":[{"name":"wp","href":"https:\/\/api.w.org\/{rel}","templated":true}]}}